{"id":2310,"date":"2022-02-10T21:15:43","date_gmt":"2022-02-10T20:15:43","guid":{"rendered":"http:\/\/iesmaestrojosezamudio.es\/web\/?p=2310"},"modified":"2022-02-10T21:15:43","modified_gmt":"2022-02-10T20:15:43","slug":"dia-escolar-de-la-no-violencia-y-la-paz","status":"publish","type":"post","link":"http:\/\/iesmaestrojosezamudio.es\/web\/dia-escolar-de-la-no-violencia-y-la-paz\/","title":{"rendered":"D\u00eda Escolar de la No Violencia y la Paz"},"content":{"rendered":"El 30 de enero se celebra este d\u00eda, dedicado a conmemorar en los centros educativos una cultura de no violencia y paz.<br>\r\n<br>\r\nLa educaci\u00f3n en y para la tolerancia, la solidaridad, la concordia, el respeto a los Derechos Humanos, la no-violencia y la paz son motivos para recordar el 30 de enero. <strong>En el D\u00eda de la Paz, los centros educativos se comprometen como defensores de la paz y entendimiento entre personas de distinta procedencia y modos de pensar.<\/strong><br>\r\n<br>\r\nEn ese d\u00eda se celebra el aniversario de la muerte del <strong>Mahatma Gandhi<\/strong> (India, 1869-1948), l\u00edder pacifista que defendi\u00f3 y promovi\u00f3 la no violencia y la resistencia pac\u00edfica frente a la injusticia y que fue asesinado por defender estas ideas.<br>\r\n<br>\r\nUna educaci\u00f3n inspirada en una cultura de no violencia y paz permite a nuestro alumnado adquirir conocimientos, actitudes y competencias que refuercen su desarrollo como ciudadanos globales cr\u00edticos y comprometidos con sus derechos y los de otras personas.<br>\r\n<br>\r\nEn el IES Maestro Jos\u00e9 Zamudio se han llevado a cabo varias actividades relacionadas con este d\u00eda tan importante para todo el alumnado (mural decorativo y mensajes de los alumnos alusivos al la paz y no violencia, atrapasue\u00f1os con palabras para incentivar el respeto y evitar conflictos).<br>\r\n<br>\r\n\r\n<strong>No hay camino para la paz: la paz es el camino.<\/strong><em><br>\r\n\u2013 Mahatma Ghandi \u2013<br>\r\n<br><img src=\"http:\/\/iesmaestrojosezamudio.es\/web\/wp-content\/uploads\/2022\/02\/1-300x225.jpg\" alt=\"\" width=\"300\" height=\"225\" class=\"alignnone size-medium wp-image-2314\" \/>\r\n\r\n<img src=\"http:\/\/iesmaestrojosezamudio.es\/web\/wp-content\/uploads\/2022\/02\/2-300x150.jpg\" alt=\"\" width=\"300\" height=\"150\" class=\"alignnone size-medium wp-image-2315\" \/>\r\n\r\n<img src=\"http:\/\/iesmaestrojosezamudio.es\/web\/wp-content\/uploads\/2022\/02\/3-144x300.jpg\" alt=\"\" width=\"144\" height=\"300\" class=\"alignnone size-medium wp-image-2316\" \/>\r\n\r\n","protected":false},"excerpt":{"rendered":"<p>El 30 de enero se celebra este d\u00eda, dedicado a conmemorar en los centros educativos una cultura de no violencia y paz. La educaci\u00f3n en y para la tolerancia, la &#8230;<\/p>\n","protected":false},"author":2,"featured_media":0,"comment_status":"closed","ping_status":"closed","sticky":false,"template":"","format":"standard","meta":[],"categories":[3],"tags":[],"_links":{"self":[{"href":"http:\/\/iesmaestrojosezamudio.es\/web\/wp-json\/wp\/v2\/posts\/2310"}],"collection":[{"href":"http:\/\/iesmaestrojosezamudio.es\/web\/wp-json\/wp\/v2\/posts"}],"about":[{"href":"http:\/\/iesmaestrojosezamudio.es\/web\/wp-json\/wp\/v2\/types\/post"}],"author":[{"embeddable":true,"href":"http:\/\/iesmaestrojosezamudio.es\/web\/wp-json\/wp\/v2\/users\/2"}],"replies":[{"embeddable":true,"href":"http:\/\/iesmaestrojosezamudio.es\/web\/wp-json\/wp\/v2\/comments?post=2310"}],"version-history":[{"count":6,"href":"http:\/\/iesmaestrojosezamudio.es\/web\/wp-json\/wp\/v2\/posts\/2310\/revisions"}],"predecessor-version":[{"id":2319,"href":"http:\/\/iesmaestrojosezamudio.es\/web\/wp-json\/wp\/v2\/posts\/2310\/revisions\/2319"}],"wp:attachment":[{"href":"http:\/\/iesmaestrojosezamudio.es\/web\/wp-json\/wp\/v2\/media?parent=2310"}],"wp:term":[{"taxonomy":"category","embeddable":true,"href":"http:\/\/iesmaestrojosezamudio.es\/web\/wp-json\/wp\/v2\/categories?post=2310"},{"taxonomy":"post_tag","embeddable":true,"href":"http:\/\/iesmaestrojosezamudio.es\/web\/wp-json\/wp\/v2\/tags?post=2310"}],"curies":[{"name":"wp","href":"https:\/\/api.w.org\/{rel}","templated":true}]}}