{"id":2322,"date":"2022-02-25T11:51:30","date_gmt":"2022-02-25T10:51:30","guid":{"rendered":"http:\/\/iesmaestrojosezamudio.es\/web\/?p=2322"},"modified":"2022-02-25T11:51:30","modified_gmt":"2022-02-25T10:51:30","slug":"historia-y-cultura-del-pueblo-gitano","status":"publish","type":"post","link":"http:\/\/iesmaestrojosezamudio.es\/web\/historia-y-cultura-del-pueblo-gitano\/","title":{"rendered":"Historia y Cultura del Pueblo Gitano"},"content":{"rendered":"A trav\u00e9s de la <strong>Asociaci\u00f3n de Ense\u00f1antes con Gitanos<\/strong> se ha podido realizar en el IES Maestro Jos\u00e9 Zamudio la exposici\u00f3n \u201cHistoria y Cultura del Pueblo Gitano\u201d para estimular y motivar <strong>una mirada limpia y respetuosa sobre las ciudadanas gitanas y los ciudadanos gitanos<\/strong>.<br>\r\n<br>\r\nLa exposici\u00f3n nace con la intenci\u00f3n de acercar al alumnado del sistema educativo, y a la ciudadan\u00eda en general, la informaci\u00f3n real y documentada de la historia del pueblo Gitano, esa historia que nunca aparece en los libros de texto. Sabemos que su desconocimiento ayuda a reforzar los prejuicios y estereotipos que se tienen de nuestros conciudadanos gitanos, adem\u00e1s de la desigualdad que se consolida al no estar incluida la historia y cultura gitana en los contenidos escolares.<br>\r\n<br>\r\n<strong>La educaci\u00f3n debe garantizar que todas las personas desarrollemos todas nuestras capacidades al m\u00e1ximo<\/strong>. Para ello el sistema educativo tiene que plantearse como objetivo la igualdad educativa, es decir, el \u00e9xito escolar para todas las personas, independientemente de la situaci\u00f3n social, econ\u00f3mica y\/o de la valoraci\u00f3n social de la cultura a la que se pertenezca. Esta igualdad incluye el reconocimiento de la diferencia como factor de enriquecimiento y no de inferioridad.<br>\r\n<br>\r\n<img src=\"http:\/\/iesmaestrojosezamudio.es\/web\/wp-content\/uploads\/2022\/02\/0-196x300.jpg\" alt=\"\" width=\"196\" height=\"300\" class=\"alignnone size-medium wp-image-2324\" \/><img src=\"http:\/\/iesmaestrojosezamudio.es\/web\/wp-content\/uploads\/2022\/02\/1-1-300x169.jpg\" alt=\"\" width=\"300\" height=\"169\" class=\"alignnone size-medium wp-image-2326\" \/>\r\n\r\n<img src=\"http:\/\/iesmaestrojosezamudio.es\/web\/wp-content\/uploads\/2022\/02\/2-1-300x169.jpg\" alt=\"\" width=\"300\" height=\"169\" class=\"alignnone size-medium wp-image-2327\" \/>\r\n\r\n<img src=\"http:\/\/iesmaestrojosezamudio.es\/web\/wp-content\/uploads\/2022\/02\/3-1-300x169.jpg\" alt=\"\" width=\"300\" height=\"169\" class=\"alignnone size-medium wp-image-2328\" \/>","protected":false},"excerpt":{"rendered":"<p>A trav\u00e9s de la Asociaci\u00f3n de Ense\u00f1antes con Gitanos se ha podido realizar en el IES Maestro Jos\u00e9 Zamudio la exposici\u00f3n \u201cHistoria y Cultura del Pueblo Gitano\u201d para estimular y &#8230;<\/p>\n","protected":false},"author":2,"featured_media":0,"comment_status":"closed","ping_status":"closed","sticky":false,"template":"","format":"standard","meta":[],"categories":[3],"tags":[],"_links":{"self":[{"href":"http:\/\/iesmaestrojosezamudio.es\/web\/wp-json\/wp\/v2\/posts\/2322"}],"collection":[{"href":"http:\/\/iesmaestrojosezamudio.es\/web\/wp-json\/wp\/v2\/posts"}],"about":[{"href":"http:\/\/iesmaestrojosezamudio.es\/web\/wp-json\/wp\/v2\/types\/post"}],"author":[{"embeddable":true,"href":"http:\/\/iesmaestrojosezamudio.es\/web\/wp-json\/wp\/v2\/users\/2"}],"replies":[{"embeddable":true,"href":"http:\/\/iesmaestrojosezamudio.es\/web\/wp-json\/wp\/v2\/comments?post=2322"}],"version-history":[{"count":4,"href":"http:\/\/iesmaestrojosezamudio.es\/web\/wp-json\/wp\/v2\/posts\/2322\/revisions"}],"predecessor-version":[{"id":2330,"href":"http:\/\/iesmaestrojosezamudio.es\/web\/wp-json\/wp\/v2\/posts\/2322\/revisions\/2330"}],"wp:attachment":[{"href":"http:\/\/iesmaestrojosezamudio.es\/web\/wp-json\/wp\/v2\/media?parent=2322"}],"wp:term":[{"taxonomy":"category","embeddable":true,"href":"http:\/\/iesmaestrojosezamudio.es\/web\/wp-json\/wp\/v2\/categories?post=2322"},{"taxonomy":"post_tag","embeddable":true,"href":"http:\/\/iesmaestrojosezamudio.es\/web\/wp-json\/wp\/v2\/tags?post=2322"}],"curies":[{"name":"wp","href":"https:\/\/api.w.org\/{rel}","templated":true}]}}