{"id":2570,"date":"2022-06-10T22:23:57","date_gmt":"2022-06-10T20:23:57","guid":{"rendered":"http:\/\/iesmaestrojosezamudio.es\/web\/?p=2570"},"modified":"2022-06-19T19:50:04","modified_gmt":"2022-06-19T17:50:04","slug":"taller-de-periodismo-y-radio","status":"publish","type":"post","link":"http:\/\/iesmaestrojosezamudio.es\/web\/taller-de-periodismo-y-radio\/","title":{"rendered":"TALLER DE PERIODISMO Y RADIO"},"content":{"rendered":"Desde el 30 de marzo hasta el 3 de junio se celebr\u00f3 en el IES Maestro Jos\u00e9 Zamudio de Pruna (Sevilla) un Taller de Periodismo y Radio gracias al Programa Impulsa de la Consejer\u00eda de la Educaci\u00f3n y Deporte de la Junta de Andaluc\u00eda, en colaboraci\u00f3n con Techmakers.<br>\r\n<br>\r\nEl taller se realiz\u00f3 los mi\u00e9rcoles y viernes con cuatro grupos de alumn@s del centro: 1\u00ba ESO A, 1\u00ba ESO B, 3\u00ba ESO A y 3\u00ba ESO B. El alumnado adquiri\u00f3  nociones b\u00e1sicas de Historia del Periodismo, redacci\u00f3n y lenguaje period\u00edstico, g\u00e9neros period\u00edsticos, el trabajo con las fuentes, entre otros temas; aplicando esos conocimientos a pr\u00e1cticas con peri\u00f3dicos, notas de prensa, simulacros de ruedas de prensa, entrevistas, etc.<br>\r\n<br>\r\nPosteriormente, usando el aula TIC del instituto, comenzaron a practicar con la redacci\u00f3n y edici\u00f3n de noticias para la realizaci\u00f3n de una revista. Para ello, adem\u00e1s de usar las herramientas de ofim\u00e1tica y aplicar los conocimientos te\u00f3ricos en la realizaci\u00f3n de las noticias, reportajes, editoriales, art\u00edculos de opini\u00f3n, etc. , conocieron y aprendieron el uso  de la plataforma web de edici\u00f3n en l\u00ednea Canva.<br>\r\n<br>\r\nTras acabar con \u00e9xito el apartado de redacci\u00f3n para la revista (34 p\u00e1ginas en total tras su maquetaci\u00f3n), se pas\u00f3 a utilizar el equipo para radio instalado en la biblioteca. El taller se enfoco en el g\u00e9nero radiof\u00f3nico con sus peculiaridades y elementos espec\u00edficos, como por ejemplo el uso de la respiraci\u00f3n para locutar, la edici\u00f3n sonora y los diferentes g\u00e9neros radiof\u00f3nicos.<br>\r\n<br>\r\nEl alumnado comenz\u00f3 a experimentar con las herramientas disponibles (mesa de mezclas, micr\u00f3fonos, auriculares\u2026) con el fin de, mediante sesiones de grabaci\u00f3n utilizando el programa de edici\u00f3n Audicity, publicar un podcast. El resultado ha sido un programa de aproximadamente una hora y 20 minutos de duraci\u00f3n que contiene un programa informativo y un magac\u00edn de variedades, disponible para su escucha \/ descarga en el canal Ivoox del instituto.<br>\r\n<br>\r\nOtras habilidades que han usado el alumnado para este taller han sido las de trabajo en equipo (para decidir qu\u00e9 temas se tratar\u00edan en el podcast \/ revista) simulando el trabajo de redacci\u00f3n; as\u00ed como para decidir los roles de cada uno (locutores, t\u00e9cnicos de mesa, maquetadores, fot\u00f3grafos \u2026); t\u00e9cnicas inform\u00e1ticas y ofim\u00e1ticas (procesadores de texto, edici\u00f3n \u2026) y consulta de fuentes alternativas a b\u00fasqueda por Internet (declaraciones, entrevistas, documentos \u2026).<br>\r\n<br>\r\nTodo un \u00e9xito de taller. \u00a1Enhorabuena a todo el alumnado que ha participado!<br>\r\n<br>\r\n<img src=\"http:\/\/iesmaestrojosezamudio.es\/web\/wp-content\/uploads\/2022\/06\/1-1-225x300.jpg\" alt=\"\" width=\"225\" height=\"300\" class=\"alignnone size-medium wp-image-2551\" \/>\r\n<img src=\"http:\/\/iesmaestrojosezamudio.es\/web\/wp-content\/uploads\/2022\/06\/2-1-225x300.jpg\" alt=\"\" width=\"225\" height=\"300\" class=\"alignnone size-medium wp-image-2552\" \/>\r\n<img src=\"http:\/\/iesmaestrojosezamudio.es\/web\/wp-content\/uploads\/2022\/06\/3-min-300x225.jpg\" alt=\"\" width=\"300\" height=\"225\" class=\"alignnone size-medium wp-image-2560\" \/>\r\n<img src=\"http:\/\/iesmaestrojosezamudio.es\/web\/wp-content\/uploads\/2022\/06\/4-min-225x300.jpg\" alt=\"\" width=\"225\" height=\"300\" class=\"alignnone size-medium wp-image-2562\" \/>\r\n<img src=\"http:\/\/iesmaestrojosezamudio.es\/web\/wp-content\/uploads\/2022\/06\/5-1-300x225.jpg\" alt=\"\" width=\"300\" height=\"225\" class=\"alignnone size-medium wp-image-2554\" \/>\r\n<img src=\"http:\/\/iesmaestrojosezamudio.es\/web\/wp-content\/uploads\/2022\/06\/6-min-300x225.jpg\" alt=\"\" width=\"300\" height=\"225\" class=\"alignnone size-medium wp-image-2563\" \/>\r\n<img src=\"http:\/\/iesmaestrojosezamudio.es\/web\/wp-content\/uploads\/2022\/06\/7-1-300x225.jpg\" alt=\"\" width=\"300\" height=\"225\" class=\"alignnone size-medium wp-image-2555\" \/>\r\n<img src=\"http:\/\/iesmaestrojosezamudio.es\/web\/wp-content\/uploads\/2022\/06\/8-min-300x225.jpg\" alt=\"\" width=\"300\" height=\"225\" class=\"alignnone size-medium wp-image-2566\" \/>\r\n<img src=\"http:\/\/iesmaestrojosezamudio.es\/web\/wp-content\/uploads\/2022\/06\/9-min-300x225.jpg\" alt=\"\" width=\"300\" height=\"225\" class=\"alignnone size-medium wp-image-2567\" \/>\r\n<img src=\"http:\/\/iesmaestrojosezamudio.es\/web\/wp-content\/uploads\/2022\/06\/10-ConvertImage-300x225.jpg\" alt=\"\" width=\"300\" height=\"225\" class=\"alignnone size-medium wp-image-2558\" \/>\r\n<img src=\"http:\/\/iesmaestrojosezamudio.es\/web\/wp-content\/uploads\/2022\/06\/11-min-300x225.jpg\" alt=\"\" width=\"300\" height=\"225\" class=\"alignnone size-medium wp-image-2568\" \/>\r\n\r\n","protected":false},"excerpt":{"rendered":"<p>Desde el 30 de marzo hasta el 3 de junio se celebr\u00f3 en el IES Maestro Jos\u00e9 Zamudio de Pruna (Sevilla) un Taller de Periodismo y Radio gracias al Programa &#8230;<\/p>\n","protected":false},"author":2,"featured_media":0,"comment_status":"closed","ping_status":"closed","sticky":false,"template":"","format":"standard","meta":[],"categories":[3],"tags":[],"_links":{"self":[{"href":"http:\/\/iesmaestrojosezamudio.es\/web\/wp-json\/wp\/v2\/posts\/2570"}],"collection":[{"href":"http:\/\/iesmaestrojosezamudio.es\/web\/wp-json\/wp\/v2\/posts"}],"about":[{"href":"http:\/\/iesmaestrojosezamudio.es\/web\/wp-json\/wp\/v2\/types\/post"}],"author":[{"embeddable":true,"href":"http:\/\/iesmaestrojosezamudio.es\/web\/wp-json\/wp\/v2\/users\/2"}],"replies":[{"embeddable":true,"href":"http:\/\/iesmaestrojosezamudio.es\/web\/wp-json\/wp\/v2\/comments?post=2570"}],"version-history":[{"count":7,"href":"http:\/\/iesmaestrojosezamudio.es\/web\/wp-json\/wp\/v2\/posts\/2570\/revisions"}],"predecessor-version":[{"id":2615,"href":"http:\/\/iesmaestrojosezamudio.es\/web\/wp-json\/wp\/v2\/posts\/2570\/revisions\/2615"}],"wp:attachment":[{"href":"http:\/\/iesmaestrojosezamudio.es\/web\/wp-json\/wp\/v2\/media?parent=2570"}],"wp:term":[{"taxonomy":"category","embeddable":true,"href":"http:\/\/iesmaestrojosezamudio.es\/web\/wp-json\/wp\/v2\/categories?post=2570"},{"taxonomy":"post_tag","embeddable":true,"href":"http:\/\/iesmaestrojosezamudio.es\/web\/wp-json\/wp\/v2\/tags?post=2570"}],"curies":[{"name":"wp","href":"https:\/\/api.w.org\/{rel}","templated":true}]}}