{"id":2617,"date":"2022-06-27T18:47:40","date_gmt":"2022-06-27T16:47:40","guid":{"rendered":"http:\/\/iesmaestrojosezamudio.es\/web\/?p=2617"},"modified":"2022-06-27T18:47:40","modified_gmt":"2022-06-27T16:47:40","slug":"actuacion-flamenca","status":"publish","type":"post","link":"http:\/\/iesmaestrojosezamudio.es\/web\/actuacion-flamenca\/","title":{"rendered":"Actuaci\u00f3n Flamenca"},"content":{"rendered":"El pasado 23 de junio asistimos a una clase magistral de flamenco organizado por el AMPA.<br>\r\n<br>\r\nEn esta actuaci\u00f3n se le explic\u00f3 al alumnado de d\u00f3nde proviene el flamenco y qu\u00e9 es el flamenco, una expresi\u00f3n art\u00edstica que nace de la mezcla de muchas culturas como la india, la \u00e1rabe, la jud\u00eda, la de los gitanos\u2026<br>\r\n<br>\r\nTambi\u00e9n se les habl\u00f3 de los distintos palos que tiene el flamenco (alegr\u00edas, buler\u00edas, fandangos, tangos, sevillanas..,) as\u00ed como de los accesiones e instrumentos musicales que suelen usar en un espect\u00e1culo flamenco (guitarra flamenca, abanicos, casta\u00f1uelas, mant\u00f3n de Manila).<br>\r\n<br>\r\nAl final hubo una demostraci\u00f3n magistral de baile, todo un espect\u00e1culo digno de ver.<br>\r\n<br>\r\n<img src=\"http:\/\/iesmaestrojosezamudio.es\/web\/wp-content\/uploads\/2022\/06\/TDRU9255-300x134.jpg\" alt=\"\" width=\"300\" height=\"134\" class=\"alignnone size-medium wp-image-2619\" \/>\r\n<img src=\"http:\/\/iesmaestrojosezamudio.es\/web\/wp-content\/uploads\/2022\/06\/IMG_5361-225x300.jpg\" alt=\"\" width=\"225\" height=\"300\" class=\"alignnone size-medium wp-image-2620\" \/>\r\n\r\n<img src=\"http:\/\/iesmaestrojosezamudio.es\/web\/wp-content\/uploads\/2022\/06\/IMG_5362-225x300.jpg\" alt=\"\" width=\"225\" height=\"300\" class=\"alignnone size-medium wp-image-2621\" \/>\r\n<img src=\"http:\/\/iesmaestrojosezamudio.es\/web\/wp-content\/uploads\/2022\/06\/IMG_5393-225x300.jpg\" alt=\"\" width=\"225\" height=\"300\" class=\"alignnone size-medium wp-image-2622\" \/>\r\n<img src=\"http:\/\/iesmaestrojosezamudio.es\/web\/wp-content\/uploads\/2022\/06\/IMG_5396-225x300.jpg\" alt=\"\" width=\"225\" height=\"300\" class=\"alignnone size-medium wp-image-2623\" \/>\r\n\r\n<img src=\"http:\/\/iesmaestrojosezamudio.es\/web\/wp-content\/uploads\/2022\/06\/IMG_5404-225x300.jpg\" alt=\"\" width=\"225\" height=\"300\" class=\"alignnone size-medium wp-image-2624\" \/>\r\n<img src=\"http:\/\/iesmaestrojosezamudio.es\/web\/wp-content\/uploads\/2022\/06\/IMG_5405-225x300.jpg\" alt=\"\" width=\"225\" height=\"300\" class=\"alignnone size-medium wp-image-2625\" \/>\r\n<img src=\"http:\/\/iesmaestrojosezamudio.es\/web\/wp-content\/uploads\/2022\/06\/IMG_5406-225x300.jpg\" alt=\"\" width=\"225\" height=\"300\" class=\"alignnone size-medium wp-image-2627\" \/>\r\n<img src=\"http:\/\/iesmaestrojosezamudio.es\/web\/wp-content\/uploads\/2022\/06\/IMG_5407-225x300.jpg\" alt=\"\" width=\"225\" height=\"300\" class=\"alignnone size-medium wp-image-2628\" \/>\r\n\r\n","protected":false},"excerpt":{"rendered":"<p>El pasado 23 de junio asistimos a una clase magistral de flamenco organizado por el AMPA. En esta actuaci\u00f3n se le explic\u00f3 al alumnado de d\u00f3nde proviene el flamenco y &#8230;<\/p>\n","protected":false},"author":2,"featured_media":0,"comment_status":"closed","ping_status":"closed","sticky":false,"template":"","format":"standard","meta":[],"categories":[3],"tags":[],"_links":{"self":[{"href":"http:\/\/iesmaestrojosezamudio.es\/web\/wp-json\/wp\/v2\/posts\/2617"}],"collection":[{"href":"http:\/\/iesmaestrojosezamudio.es\/web\/wp-json\/wp\/v2\/posts"}],"about":[{"href":"http:\/\/iesmaestrojosezamudio.es\/web\/wp-json\/wp\/v2\/types\/post"}],"author":[{"embeddable":true,"href":"http:\/\/iesmaestrojosezamudio.es\/web\/wp-json\/wp\/v2\/users\/2"}],"replies":[{"embeddable":true,"href":"http:\/\/iesmaestrojosezamudio.es\/web\/wp-json\/wp\/v2\/comments?post=2617"}],"version-history":[{"count":4,"href":"http:\/\/iesmaestrojosezamudio.es\/web\/wp-json\/wp\/v2\/posts\/2617\/revisions"}],"predecessor-version":[{"id":2630,"href":"http:\/\/iesmaestrojosezamudio.es\/web\/wp-json\/wp\/v2\/posts\/2617\/revisions\/2630"}],"wp:attachment":[{"href":"http:\/\/iesmaestrojosezamudio.es\/web\/wp-json\/wp\/v2\/media?parent=2617"}],"wp:term":[{"taxonomy":"category","embeddable":true,"href":"http:\/\/iesmaestrojosezamudio.es\/web\/wp-json\/wp\/v2\/categories?post=2617"},{"taxonomy":"post_tag","embeddable":true,"href":"http:\/\/iesmaestrojosezamudio.es\/web\/wp-json\/wp\/v2\/tags?post=2617"}],"curies":[{"name":"wp","href":"https:\/\/api.w.org\/{rel}","templated":true}]}}