{"id":2983,"date":"2024-04-09T12:50:04","date_gmt":"2024-04-09T10:50:04","guid":{"rendered":"http:\/\/iesmaestrojosezamudio.es\/web\/?p=2983"},"modified":"2024-04-17T20:59:11","modified_gmt":"2024-04-17T18:59:11","slug":"dia-internacional-del-pueblo-gitano","status":"publish","type":"post","link":"http:\/\/iesmaestrojosezamudio.es\/web\/dia-internacional-del-pueblo-gitano\/","title":{"rendered":"D\u00cdA INTERNACIONAL DEL PUEBLO GITANO"},"content":{"rendered":"El pasado d\u00eda 8 de abril, se celebra el D\u00eda Internacional del Pueblo Gitano en todo el mundo, y en el IES Maestro Jos\u00e9 Zamudio de Pruna no ha sido la excepci\u00f3n. Para conmemorar esta importante fecha, el alumnado y profesorado de este centro educativo se han unido en un acto simb\u00f3lico de solidaridad y reconocimiento hacia esta comunidad.\r\n\r\nLa jornada ha comenzado con el izado de la bandera gitana en el ayuntamiento, seguido de la lectura de un emotivo manifiesto en el que se destacaban los valores y la importancia de la cultura gitana en nuestra sociedad.\r\n\r\nEl IES Maestro Jos\u00e9 Zamudio ha querido sumarse a la celebraci\u00f3n del D\u00eda del Pueblo Gitano con un gesto de uni\u00f3n y respeto, se ha llevado a cabo la creaci\u00f3n de la bandera gitana en el centro que se ha colocado en la fachada.\r\n<p><\/p>\r\n<p><\/p>\r\n<img class=\"alignleft size-medium wp-image-2984\" src=\"http:\/\/iesmaestrojosezamudio.es\/web\/wp-content\/uploads\/2024\/04\/WhatsApp-Image-2024-04-08-at-12.50.17-278x300.jpeg\" alt=\"\" width=\"278\" height=\"300\" \/>","protected":false},"excerpt":{"rendered":"<p>El pasado d\u00eda 8 de abril, se celebra el D\u00eda Internacional del Pueblo Gitano en todo el mundo, y en el IES Maestro Jos\u00e9 Zamudio de Pruna no ha sido &#8230;<\/p>\n","protected":false},"author":2,"featured_media":0,"comment_status":"closed","ping_status":"closed","sticky":false,"template":"","format":"standard","meta":[],"categories":[3],"tags":[],"_links":{"self":[{"href":"http:\/\/iesmaestrojosezamudio.es\/web\/wp-json\/wp\/v2\/posts\/2983"}],"collection":[{"href":"http:\/\/iesmaestrojosezamudio.es\/web\/wp-json\/wp\/v2\/posts"}],"about":[{"href":"http:\/\/iesmaestrojosezamudio.es\/web\/wp-json\/wp\/v2\/types\/post"}],"author":[{"embeddable":true,"href":"http:\/\/iesmaestrojosezamudio.es\/web\/wp-json\/wp\/v2\/users\/2"}],"replies":[{"embeddable":true,"href":"http:\/\/iesmaestrojosezamudio.es\/web\/wp-json\/wp\/v2\/comments?post=2983"}],"version-history":[{"count":7,"href":"http:\/\/iesmaestrojosezamudio.es\/web\/wp-json\/wp\/v2\/posts\/2983\/revisions"}],"predecessor-version":[{"id":3010,"href":"http:\/\/iesmaestrojosezamudio.es\/web\/wp-json\/wp\/v2\/posts\/2983\/revisions\/3010"}],"wp:attachment":[{"href":"http:\/\/iesmaestrojosezamudio.es\/web\/wp-json\/wp\/v2\/media?parent=2983"}],"wp:term":[{"taxonomy":"category","embeddable":true,"href":"http:\/\/iesmaestrojosezamudio.es\/web\/wp-json\/wp\/v2\/categories?post=2983"},{"taxonomy":"post_tag","embeddable":true,"href":"http:\/\/iesmaestrojosezamudio.es\/web\/wp-json\/wp\/v2\/tags?post=2983"}],"curies":[{"name":"wp","href":"https:\/\/api.w.org\/{rel}","templated":true}]}}