{"id":3031,"date":"2024-10-10T13:42:17","date_gmt":"2024-10-10T11:42:17","guid":{"rendered":"http:\/\/iesmaestrojosezamudio.es\/web\/?p=3031"},"modified":"2024-10-10T16:00:33","modified_gmt":"2024-10-10T14:00:33","slug":"3031-2","status":"publish","type":"post","link":"http:\/\/iesmaestrojosezamudio.es\/web\/3031-2\/","title":{"rendered":"Inicio del curso 2024-2025"},"content":{"rendered":"Se inicia el curso en nuestro instituto Maestro Jos\u00e9 Zamudio. Este a\u00f1o contamos con un grupo de 1\u00ba de ESO, un grupo de 2\u00ba de ESO, un grupo de 3\u00ba de ESO, y dos grupos de 4\u00ba de ESO. Estamos entusiasmados por dar la bienvenida a nuestros estudiantes y profesores, quienes juntos formar\u00e1n una comunidad de aprendizaje enriquecedora. Aprovecharemos al m\u00e1ximo este a\u00f1o acad\u00e9mico, fomentando el desarrollo acad\u00e9mico y personal de nuestros alumnos. \u00a1Aprovechemos esta oportunidad para crecer y aprender juntos!\r\n\r\nLos profesores dan la bienvenida y el recibimiento al alumnado, a continuaci\u00f3n se muestran las fotograf\u00edas realizadas en este acto.\r\n\r\n&nbsp;\r\n\r\n&nbsp;\r\n\r\n1\u00ba ESO\r\n\r\n<img class=\"alignnone size-medium wp-image-3037\" src=\"http:\/\/iesmaestrojosezamudio.es\/web\/wp-content\/uploads\/2024\/10\/1o-ESO-min-300x226.jpg\" alt=\"\" width=\"300\" height=\"226\" \/>\r\n\r\n&nbsp;\r\n\r\n&nbsp;\r\n\r\n2\u00ba ESO\r\n\r\n<img class=\"alignnone size-medium wp-image-3038\" src=\"http:\/\/iesmaestrojosezamudio.es\/web\/wp-content\/uploads\/2024\/10\/2o-ESO-min-300x226.jpg\" alt=\"\" width=\"300\" height=\"226\" \/>\r\n\r\n&nbsp;\r\n\r\n&nbsp;\r\n\r\n3\u00ba ESO\r\n\r\n<img class=\"alignnone size-medium wp-image-3039\" src=\"http:\/\/iesmaestrojosezamudio.es\/web\/wp-content\/uploads\/2024\/10\/3o-ESO-min-300x226.jpg\" alt=\"\" width=\"300\" height=\"226\" \/>\r\n\r\n&nbsp;\r\n\r\n&nbsp;\r\n\r\n4\u00ba ESO\r\n\r\n<img class=\"alignnone size-medium wp-image-3041\" src=\"http:\/\/iesmaestrojosezamudio.es\/web\/wp-content\/uploads\/2024\/10\/4o-ESO-b-min-300x226.jpg\" alt=\"\" width=\"300\" height=\"226\" \/><img class=\"alignnone size-medium wp-image-3040\" src=\"http:\/\/iesmaestrojosezamudio.es\/web\/wp-content\/uploads\/2024\/10\/4o-ESO-A-min-300x226.jpg\" alt=\"\" width=\"300\" height=\"226\" \/>","protected":false},"excerpt":{"rendered":"<p>Se inicia el curso en nuestro instituto Maestro Jos\u00e9 Zamudio. Este a\u00f1o contamos con un grupo de 1\u00ba de ESO, un grupo de 2\u00ba de ESO, un grupo de 3\u00ba &#8230;<\/p>\n","protected":false},"author":7,"featured_media":0,"comment_status":"closed","ping_status":"closed","sticky":false,"template":"","format":"standard","meta":[],"categories":[3],"tags":[],"_links":{"self":[{"href":"http:\/\/iesmaestrojosezamudio.es\/web\/wp-json\/wp\/v2\/posts\/3031"}],"collection":[{"href":"http:\/\/iesmaestrojosezamudio.es\/web\/wp-json\/wp\/v2\/posts"}],"about":[{"href":"http:\/\/iesmaestrojosezamudio.es\/web\/wp-json\/wp\/v2\/types\/post"}],"author":[{"embeddable":true,"href":"http:\/\/iesmaestrojosezamudio.es\/web\/wp-json\/wp\/v2\/users\/7"}],"replies":[{"embeddable":true,"href":"http:\/\/iesmaestrojosezamudio.es\/web\/wp-json\/wp\/v2\/comments?post=3031"}],"version-history":[{"count":5,"href":"http:\/\/iesmaestrojosezamudio.es\/web\/wp-json\/wp\/v2\/posts\/3031\/revisions"}],"predecessor-version":[{"id":3044,"href":"http:\/\/iesmaestrojosezamudio.es\/web\/wp-json\/wp\/v2\/posts\/3031\/revisions\/3044"}],"wp:attachment":[{"href":"http:\/\/iesmaestrojosezamudio.es\/web\/wp-json\/wp\/v2\/media?parent=3031"}],"wp:term":[{"taxonomy":"category","embeddable":true,"href":"http:\/\/iesmaestrojosezamudio.es\/web\/wp-json\/wp\/v2\/categories?post=3031"},{"taxonomy":"post_tag","embeddable":true,"href":"http:\/\/iesmaestrojosezamudio.es\/web\/wp-json\/wp\/v2\/tags?post=3031"}],"curies":[{"name":"wp","href":"https:\/\/api.w.org\/{rel}","templated":true}]}}