{"id":3083,"date":"2025-01-22T12:04:38","date_gmt":"2025-01-22T11:04:38","guid":{"rendered":"https:\/\/iesmaestrojosezamudio.es\/web\/?p=3083"},"modified":"2025-01-22T12:04:38","modified_gmt":"2025-01-22T11:04:38","slug":"dia-de-la-lectura","status":"publish","type":"post","link":"http:\/\/iesmaestrojosezamudio.es\/web\/dia-de-la-lectura\/","title":{"rendered":"D\u00eda de la lectura."},"content":{"rendered":"El d\u00eda 16 de diciembre es el d\u00eda elegido por la Junta de Andaluc\u00eda para celebrar el D\u00eda de la Lectura en Andaluc\u00eda. La designaci\u00f3n de este d\u00eda como festividad andaluza de la lectura no es casual, sino que atiende al recuerdo del encuentro que en esa misma fecha en 1927 mantuvieron Federico Garc\u00eda Lorca, Rafael Alberti, Jos\u00e9 Bergam\u00edn, Juan Chab\u00e1s, Gerardo Diego, D\u00e1mado Alonso y Jorge Guill\u00e9n en el Ateneo de Sevilla con motivo de la clausura de un homenaje al poeta cordob\u00e9s Luis de G\u00f3ngora. Este grupo de poetas se conocer\u00eda como la Generaci\u00f3n del 27. Tambi\u00e9n un 16 de diciembre de 1902 nac\u00eda Rafael Alberti por lo que nosotros como homenaje hemos hecho estos marcap\u00e1ginas con nuestros alumnos de 2\u00ba de E.S.O.\r\n<div><\/div>\r\n<div>Vicky y Consuelo<\/div>","protected":false},"excerpt":{"rendered":"<p>El d\u00eda 16 de diciembre es el d\u00eda elegido por la Junta de Andaluc\u00eda para celebrar el D\u00eda de la Lectura en Andaluc\u00eda. La designaci\u00f3n de este d\u00eda como festividad &#8230;<\/p>\n","protected":false},"author":7,"featured_media":0,"comment_status":"closed","ping_status":"closed","sticky":false,"template":"","format":"standard","meta":[],"categories":[3],"tags":[],"_links":{"self":[{"href":"http:\/\/iesmaestrojosezamudio.es\/web\/wp-json\/wp\/v2\/posts\/3083"}],"collection":[{"href":"http:\/\/iesmaestrojosezamudio.es\/web\/wp-json\/wp\/v2\/posts"}],"about":[{"href":"http:\/\/iesmaestrojosezamudio.es\/web\/wp-json\/wp\/v2\/types\/post"}],"author":[{"embeddable":true,"href":"http:\/\/iesmaestrojosezamudio.es\/web\/wp-json\/wp\/v2\/users\/7"}],"replies":[{"embeddable":true,"href":"http:\/\/iesmaestrojosezamudio.es\/web\/wp-json\/wp\/v2\/comments?post=3083"}],"version-history":[{"count":1,"href":"http:\/\/iesmaestrojosezamudio.es\/web\/wp-json\/wp\/v2\/posts\/3083\/revisions"}],"predecessor-version":[{"id":3084,"href":"http:\/\/iesmaestrojosezamudio.es\/web\/wp-json\/wp\/v2\/posts\/3083\/revisions\/3084"}],"wp:attachment":[{"href":"http:\/\/iesmaestrojosezamudio.es\/web\/wp-json\/wp\/v2\/media?parent=3083"}],"wp:term":[{"taxonomy":"category","embeddable":true,"href":"http:\/\/iesmaestrojosezamudio.es\/web\/wp-json\/wp\/v2\/categories?post=3083"},{"taxonomy":"post_tag","embeddable":true,"href":"http:\/\/iesmaestrojosezamudio.es\/web\/wp-json\/wp\/v2\/tags?post=3083"}],"curies":[{"name":"wp","href":"https:\/\/api.w.org\/{rel}","templated":true}]}}