{"id":3090,"date":"2025-02-12T12:24:17","date_gmt":"2025-02-12T11:24:17","guid":{"rendered":"https:\/\/iesmaestrojosezamudio.es\/web\/?p=3090"},"modified":"2025-02-12T12:31:52","modified_gmt":"2025-02-12T11:31:52","slug":"dia-de-la-paz-y-de-la-no-violencia","status":"publish","type":"post","link":"http:\/\/iesmaestrojosezamudio.es\/web\/dia-de-la-paz-y-de-la-no-violencia\/","title":{"rendered":"D\u00eda de la paz y de la no violencia"},"content":{"rendered":"El pasado 30 de Enero celebramos en nuestro IES, el D\u00eda de la Paz y de la No violencia, una bonita jornada de convivencia entre el profesorado, el alumnado y el AMPA. Que qued\u00f3 inmortalizada con la foto panor\u00e1mica con todo el centro formando el s\u00edmbolo de la paz. Gracias precisamente al AMPA por colaborar en el \u201cDesayuno por la Paz\u201d que se realiz\u00f3 en el centro.\r\n\r\nDesde las tutor\u00edas se trabajaron los distintos s\u00edmbolos que existen sobre la paz (paloma, rama de olivo, grullas, etc..), personajes c\u00e9lebres relacionados, as\u00ed como un recopilatorio de Premios Nobel de Paz, las letras de diferentes canciones basadas en esta tem\u00e1tica, as\u00ed como los ingredientes necesarios para contrarrestar el \u201cViolentavirus\u201d.\r\n\r\nDesde las diferentes \u00e1reas tambi\u00e9n han puesto su grano de arena para celebrar este d\u00eda y conseguir un mundo m\u00e1s justo: la Oda a la paz, conflictos armados actuales, \u201cle feu de la paz\u201d, videos sobre las personas refugiadas, video de Cadena de Favores Infinita, manos blancas de la paz, mural recopilatorio sobre las obras del artista Banski etc\u2026\r\n\r\nAs\u00ed como en el \u00e1rea Art\u00edstica han hecho un collage sobre la simbolog\u00eda de la paz que adorna la escalera para subir a la primera planta.\r\n\r\nPara conmemorar esta jornada se ha realizado un mural, en el que tanto el alumnado como el profesorado han plasmado que significa para ellos la paz: respeto, saber estar, elegancia, compa\u00f1erismo, justicia etc..\r\n\r\nComo colof\u00f3n al d\u00eda desde el \u00e1rea de Educaci\u00f3n F\u00edsica se realizaron varias actividades deportivas, mostrando precisamente la tolerancia y deportividad entre el alumnado y alg\u00fan que otro\/a profesor\/a valiente.\r\n\r\nCuando se unen todas las ideas y esfuerzos de toda la comunidad educativa salen jornadas tan bonitas como esta. Gracias!\r\n\r\nEnlace para v\u00eddeo resumen de las actividades\u00a0<a href=\"https:\/\/drive.google.com\/file\/d\/1-q8taeh5gs3F9XDtSt32SvQVfLOxfVDj\/view?usp=drive_link\">https:\/\/drive.google.com\/file\/d\/1-q8taeh5gs3F9XDtSt32SvQVfLOxfVDj\/view?usp=drive_link<\/a>\r\n\r\n&nbsp;\r\n\r\n&nbsp;\r\n\r\n&nbsp;\r\n\r\n<img class=\"size-medium wp-image-3094 aligncenter\" src=\"http:\/\/iesmaestrojosezamudio.es\/web\/wp-content\/uploads\/2025\/02\/WhatsApp-Image-2025-01-30-at-15.51.11-300x225.jpeg\" alt=\"\" width=\"300\" height=\"225\" \/>\r\n\r\n&nbsp;","protected":false},"excerpt":{"rendered":"<p>El pasado 30 de Enero celebramos en nuestro IES, el D\u00eda de la Paz y de la No violencia, una bonita jornada de convivencia entre el profesorado, el alumnado y &#8230;<\/p>\n","protected":false},"author":7,"featured_media":0,"comment_status":"closed","ping_status":"closed","sticky":false,"template":"","format":"standard","meta":[],"categories":[3,1],"tags":[],"_links":{"self":[{"href":"http:\/\/iesmaestrojosezamudio.es\/web\/wp-json\/wp\/v2\/posts\/3090"}],"collection":[{"href":"http:\/\/iesmaestrojosezamudio.es\/web\/wp-json\/wp\/v2\/posts"}],"about":[{"href":"http:\/\/iesmaestrojosezamudio.es\/web\/wp-json\/wp\/v2\/types\/post"}],"author":[{"embeddable":true,"href":"http:\/\/iesmaestrojosezamudio.es\/web\/wp-json\/wp\/v2\/users\/7"}],"replies":[{"embeddable":true,"href":"http:\/\/iesmaestrojosezamudio.es\/web\/wp-json\/wp\/v2\/comments?post=3090"}],"version-history":[{"count":5,"href":"http:\/\/iesmaestrojosezamudio.es\/web\/wp-json\/wp\/v2\/posts\/3090\/revisions"}],"predecessor-version":[{"id":3097,"href":"http:\/\/iesmaestrojosezamudio.es\/web\/wp-json\/wp\/v2\/posts\/3090\/revisions\/3097"}],"wp:attachment":[{"href":"http:\/\/iesmaestrojosezamudio.es\/web\/wp-json\/wp\/v2\/media?parent=3090"}],"wp:term":[{"taxonomy":"category","embeddable":true,"href":"http:\/\/iesmaestrojosezamudio.es\/web\/wp-json\/wp\/v2\/categories?post=3090"},{"taxonomy":"post_tag","embeddable":true,"href":"http:\/\/iesmaestrojosezamudio.es\/web\/wp-json\/wp\/v2\/tags?post=3090"}],"curies":[{"name":"wp","href":"https:\/\/api.w.org\/{rel}","templated":true}]}}