{"id":3134,"date":"2025-04-09T11:56:48","date_gmt":"2025-04-09T09:56:48","guid":{"rendered":"https:\/\/iesmaestrojosezamudio.es\/web\/?p=3134"},"modified":"2025-04-09T12:03:38","modified_gmt":"2025-04-09T10:03:38","slug":"dia-internacional-del-pueblo-gitano-2","status":"publish","type":"post","link":"http:\/\/iesmaestrojosezamudio.es\/web\/dia-internacional-del-pueblo-gitano-2\/","title":{"rendered":"D\u00eda internacional del pueblo gitano"},"content":{"rendered":"El 8 de abril se celebra el D\u00eda Internacional del Pueblo Gitano. Esta fecha recuerda la celebraci\u00f3n del primer Congreso Mundial roman\u00ed\/gitano en Londres el 8 de abril de 1971, encuentro en el que se instituyeron la bandera y el himno gitanos.\r\n\r\n&nbsp;\r\n\r\n&nbsp;\r\n\r\n<img class=\"alignnone size-medium wp-image-3136\" src=\"http:\/\/iesmaestrojosezamudio.es\/web\/wp-content\/uploads\/2025\/04\/WhatsApp-Image-2025-04-08-at-10.42.15-213x300.jpeg\" alt=\"\" width=\"213\" height=\"300\" \/> <img class=\"alignnone size-medium wp-image-3135\" src=\"http:\/\/iesmaestrojosezamudio.es\/web\/wp-content\/uploads\/2025\/04\/WhatsApp-Image-2025-04-08-at-10.42.15-1-227x300.jpeg\" alt=\"\" width=\"227\" height=\"300\" \/> <img class=\"alignnone size-medium wp-image-3137\" src=\"http:\/\/iesmaestrojosezamudio.es\/web\/wp-content\/uploads\/2025\/04\/WhatsApp-Image-2025-04-08-at-10.42.14-230x300.jpeg\" alt=\"\" width=\"230\" height=\"300\" \/>","protected":false},"excerpt":{"rendered":"<p>El 8 de abril se celebra el D\u00eda Internacional del Pueblo Gitano. Esta fecha recuerda la celebraci\u00f3n del primer Congreso Mundial roman\u00ed\/gitano en Londres el 8 de abril de 1971, &#8230;<\/p>\n","protected":false},"author":7,"featured_media":0,"comment_status":"closed","ping_status":"closed","sticky":false,"template":"","format":"standard","meta":[],"categories":[3,1],"tags":[],"_links":{"self":[{"href":"http:\/\/iesmaestrojosezamudio.es\/web\/wp-json\/wp\/v2\/posts\/3134"}],"collection":[{"href":"http:\/\/iesmaestrojosezamudio.es\/web\/wp-json\/wp\/v2\/posts"}],"about":[{"href":"http:\/\/iesmaestrojosezamudio.es\/web\/wp-json\/wp\/v2\/types\/post"}],"author":[{"embeddable":true,"href":"http:\/\/iesmaestrojosezamudio.es\/web\/wp-json\/wp\/v2\/users\/7"}],"replies":[{"embeddable":true,"href":"http:\/\/iesmaestrojosezamudio.es\/web\/wp-json\/wp\/v2\/comments?post=3134"}],"version-history":[{"count":3,"href":"http:\/\/iesmaestrojosezamudio.es\/web\/wp-json\/wp\/v2\/posts\/3134\/revisions"}],"predecessor-version":[{"id":3141,"href":"http:\/\/iesmaestrojosezamudio.es\/web\/wp-json\/wp\/v2\/posts\/3134\/revisions\/3141"}],"wp:attachment":[{"href":"http:\/\/iesmaestrojosezamudio.es\/web\/wp-json\/wp\/v2\/media?parent=3134"}],"wp:term":[{"taxonomy":"category","embeddable":true,"href":"http:\/\/iesmaestrojosezamudio.es\/web\/wp-json\/wp\/v2\/categories?post=3134"},{"taxonomy":"post_tag","embeddable":true,"href":"http:\/\/iesmaestrojosezamudio.es\/web\/wp-json\/wp\/v2\/tags?post=3134"}],"curies":[{"name":"wp","href":"https:\/\/api.w.org\/{rel}","templated":true}]}}