{"id":3150,"date":"2025-05-14T11:54:05","date_gmt":"2025-05-14T09:54:05","guid":{"rendered":"https:\/\/iesmaestrojosezamudio.es\/web\/?p=3150"},"modified":"2025-05-14T11:54:05","modified_gmt":"2025-05-14T09:54:05","slug":"equipo-de-mediacion","status":"publish","type":"post","link":"http:\/\/iesmaestrojosezamudio.es\/web\/equipo-de-mediacion\/","title":{"rendered":"Equipo de mediaci\u00f3n."},"content":{"rendered":"Nuestro IES Maestro Jos\u00e9 Zamudio ha puesto en marcha un equipo de mediaci\u00f3n escolar con participaci\u00f3n del alumnado de todos los cursos. Esta iniciativa tiene como objetivo mejorar la convivencia y fomentar la resoluci\u00f3n pac\u00edfica de conflictos entre compa\u00f1eros y compa\u00f1eras.\r\n\r\nLa formaci\u00f3n ha sido impartida por la asociaci\u00f3n Bosco Global, que ha ense\u00f1ado al alumnado t\u00e9cnicas de comunicaci\u00f3n, escucha activa y mediaci\u00f3n. Gracias a esta formaci\u00f3n, el nuevo equipo est\u00e1 preparado para intervenir en conflictos y contribuir a un ambiente m\u00e1s respetuoso y colaborativo en el centro.\r\n\r\nDesde el instituto, se valora muy positivamente esta experiencia y se espera continuar con nuevas actividades que refuercen la convivencia y la participaci\u00f3n del alumnado.\r\n\r\n<a href=\"https:\/\/www.instagram.com\/reel\/DJEeu8CJCg5\/\">https:\/\/www.instagram.com\/reel\/DJEeu8CJCg5\/<\/a>","protected":false},"excerpt":{"rendered":"<p>Nuestro IES Maestro Jos\u00e9 Zamudio ha puesto en marcha un equipo de mediaci\u00f3n escolar con participaci\u00f3n del alumnado de todos los cursos. Esta iniciativa tiene como objetivo mejorar la convivencia &#8230;<\/p>\n","protected":false},"author":7,"featured_media":0,"comment_status":"closed","ping_status":"closed","sticky":false,"template":"","format":"standard","meta":[],"categories":[3],"tags":[],"_links":{"self":[{"href":"http:\/\/iesmaestrojosezamudio.es\/web\/wp-json\/wp\/v2\/posts\/3150"}],"collection":[{"href":"http:\/\/iesmaestrojosezamudio.es\/web\/wp-json\/wp\/v2\/posts"}],"about":[{"href":"http:\/\/iesmaestrojosezamudio.es\/web\/wp-json\/wp\/v2\/types\/post"}],"author":[{"embeddable":true,"href":"http:\/\/iesmaestrojosezamudio.es\/web\/wp-json\/wp\/v2\/users\/7"}],"replies":[{"embeddable":true,"href":"http:\/\/iesmaestrojosezamudio.es\/web\/wp-json\/wp\/v2\/comments?post=3150"}],"version-history":[{"count":1,"href":"http:\/\/iesmaestrojosezamudio.es\/web\/wp-json\/wp\/v2\/posts\/3150\/revisions"}],"predecessor-version":[{"id":3151,"href":"http:\/\/iesmaestrojosezamudio.es\/web\/wp-json\/wp\/v2\/posts\/3150\/revisions\/3151"}],"wp:attachment":[{"href":"http:\/\/iesmaestrojosezamudio.es\/web\/wp-json\/wp\/v2\/media?parent=3150"}],"wp:term":[{"taxonomy":"category","embeddable":true,"href":"http:\/\/iesmaestrojosezamudio.es\/web\/wp-json\/wp\/v2\/categories?post=3150"},{"taxonomy":"post_tag","embeddable":true,"href":"http:\/\/iesmaestrojosezamudio.es\/web\/wp-json\/wp\/v2\/tags?post=3150"}],"curies":[{"name":"wp","href":"https:\/\/api.w.org\/{rel}","templated":true}]}}